{"id":8002,"__str__":"Indica\u00e7\u00e3o n\u00ba 789 de 2026","link_detail_backend":"/materia/8002","metadata":{},"numero":789,"ano":2026,"numero_protocolo":1711,"data_apresentacao":"2026-03-12","tipo_apresentacao":"","data_publicacao":null,"numero_origem_externa":"","ano_origem_externa":null,"data_origem_externa":null,"apelido":"","dias_prazo":null,"data_fim_prazo":null,"em_tramitacao":false,"polemica":false,"objeto":"","complementar":false,"ementa":"solicitando ao Excelent\u00edssimo Senhor Prefeito Municipal de Registro que determine \u00e0 Secretaria Municipal de Educa\u00e7\u00e3o a ado\u00e7\u00e3o das provid\u00eancias necess\u00e1rias para promover a qualifica\u00e7\u00e3o de todos os profissionais da Creche Bal\u00e3ozinho Vermelho acerca da identifica\u00e7\u00e3o, preven\u00e7\u00e3o e encaminhamento de situa\u00e7\u00f5es de viol\u00eancia contra crian\u00e7as e adolescentes, incluindo a compreens\u00e3o e aplica\u00e7\u00e3o do protocolo de escuta especializada.","indexacao":"","observacao":"","resultado":"","texto_original":"http://sapl.registro.sp.leg.br/media/sapl/public/materialegislativa/2026/8002/creche_balaozinho_vermelho.odt","data_ultima_atualizacao":"2026-03-17T16:15:22.759458-03:00","ip":"191.37.149.40","ultima_edicao":"2026-03-12T08:10:32.598175-03:00","tipo":8,"regime_tramitacao":1,"tipo_origem_externa":null,"local_origem_externa":null,"user":41,"anexadas":[],"autores":[46]}