{"id":7965,"__str__":"Indica\u00e7\u00e3o n\u00ba 752 de 2026","link_detail_backend":"/materia/7965","metadata":{},"numero":752,"ano":2026,"numero_protocolo":1674,"data_apresentacao":"2026-03-11","tipo_apresentacao":"","data_publicacao":null,"numero_origem_externa":"","ano_origem_externa":null,"data_origem_externa":null,"apelido":"","dias_prazo":null,"data_fim_prazo":null,"em_tramitacao":false,"polemica":false,"objeto":"","complementar":false,"ementa":"solicitando ao Excelent\u00edssimo Senhor Prefeito Municipal de Registro que determine aos setores competentes a ado\u00e7\u00e3o das provid\u00eancias necess\u00e1rias para ampliar as a\u00e7\u00f5es da assist\u00eancia social no bairro Jardim Vit\u00f3ria, inclusive avaliando a possibilidade de realiza\u00e7\u00e3o peri\u00f3dica de atendimentos descentralizados por meio de equipes do CRAS ou de modelo semelhante ao chamado \u201cCRAS Volante\u201d.","indexacao":"","observacao":"","resultado":"","texto_original":"http://sapl.registro.sp.leg.br/media/sapl/public/materialegislativa/2026/7965/jd_vitoria_1.odt","data_ultima_atualizacao":"2026-03-17T16:15:16.845651-03:00","ip":"191.37.149.40","ultima_edicao":"2026-03-11T13:43:17.114278-03:00","tipo":8,"regime_tramitacao":1,"tipo_origem_externa":null,"local_origem_externa":null,"user":41,"anexadas":[],"autores":[46]}