{"id":3158,"__str__":"Requerimento n\u00ba 47 de 2023","link_detail_backend":"/materia/3158","metadata":{},"numero":47,"ano":2023,"numero_protocolo":1670,"data_apresentacao":"2023-06-22","tipo_apresentacao":"","data_publicacao":null,"numero_origem_externa":"","ano_origem_externa":null,"data_origem_externa":null,"apelido":"","dias_prazo":null,"data_fim_prazo":null,"em_tramitacao":false,"polemica":false,"objeto":"","complementar":false,"ementa":"Requeiro que sejam solicitadas informa\u00e7\u00f5es ao Executivo Municipal a respeito do TRANSPORTE ESCOLAR ATRAV\u00c9S DE VE\u00cdCULO DE TRANSPORTE COLETIVO PARA ATENDIMENTO DE ALUNOS DA REDE P\u00daBLICA DE ENSINO (MUNICIPAL E ESTADUAL) DO MUNIC\u00cdPIO DE REGISTRO, COM MONITOR ESCOLAR:","indexacao":"","observacao":"","resultado":"","texto_original":"http://sapl.registro.sp.leg.br/media/sapl/public/materialegislativa/2023/3158/requerimento_transporte_escolar.doc","data_ultima_atualizacao":"2023-06-27T14:58:31.231090-03:00","ip":"","ultima_edicao":null,"tipo":3,"regime_tramitacao":1,"tipo_origem_externa":null,"local_origem_externa":null,"user":null,"anexadas":[],"autores":[13]}